{"id":5524,"date":"2015-02-27T13:09:26","date_gmt":"2015-02-27T11:09:26","guid":{"rendered":"http:\/\/www.igbce-blogs.de\/aufgeweckte-alte\/?p=5524"},"modified":"2021-04-19T17:01:14","modified_gmt":"2021-04-19T15:01:14","slug":"ausflug-nach-strasburg-vom-15-09-2014-bis-16-09-2014","status":"publish","type":"post","link":"https:\/\/www.igbce-blogs.de\/aufgeweckte-alte\/?p=5524","title":{"rendered":"Ausflug nach Stra\u00dfburg vom 15. bis 16. Sept. 2014"},"content":{"rendered":"<p><span style=\"color: #000000;\">ngg_shortcode_0_placeholder<\/span><\/p>\n<p>&nbsp;<\/p>\n<address><span style=\"color: #000000;\"><em><strong>Holger Biburger hat diesen Artikel geschrieben !!!<\/strong> <\/em><\/span><\/address>\n<p>&nbsp;<\/p>\n<p><span style=\"color: #000000;\">Am Montag, dem 15.09.2014, morgens um 8 Uhr (eigentlich schon um 7Uhr 50 Min.) fuhren wir, die Aufgeweckten Alten, mit insgesamt 50 Personen von Frankfurt-H\u00f6chst Bahnhof nach Stra\u00dfburg. Gefahren wurden wir, wie h\u00e4ufig, in einem Bus der Firma Gutacker-Reisen. Gegen 9 Uhr 20 machten wir eine Fr\u00fchst\u00fcckspause an einer Auto-Bahn-Rastst\u00e4tte der A 5, um dann unsere Fahrt nach Stra\u00dfburg fortzusetzen, wo wir gegen 11 Uhr eintrafen. <\/span><\/p>\n<p><span style=\"color: #000000;\">Hier hatten wir Zeit, die Stadt auf eigene Faust zu erkunden. Um 14 Uhr trafen wir uns, um gemeinsam zum Bus zu gelangen, der uns zum Europa-Parlament brachte. Denn um 15 Uhr war unsere Gruppe zur Besichtigung angemeldet. Und p\u00fcnktlich um 15 Uhr wurden wir auch von unserem ersten F\u00fchrer, einem Heidelberger Politologie-Studenten, in Empfang genommen, durch eine Personen-Schleuse geleitet und in einem der vielen Besucher-R\u00e4ume per Video-Film \u00fcber die Arbeit des Europa-Parlamentes informiert. Wir sollten auch Gelegenheit zu einem Gespr\u00e4ch mit dem SPD-Europa-Abgeordneten Udo Bullmann, haben, doch Herr Bullmann lie\u00df sich leider verleugnen. Er steckte laut off. Mitteilung, auf der Autobahn in einem Stau fest. Deshalb wurden nur schnell noch ein paar Erinnerungs-Fotos gemacht, die hier eingef\u00fcgt sind, die in der Webblog-Fotogalerie zu sehen sind. <\/span><\/p>\n<p><span style=\"color: #000000;\">Nach diesem Fototermin durften wir an der Er\u00f6ffnung und der ersten Sitzung des Europa-Parlamentes auf der riesigen Besuchertrib\u00fcne teilnehmen. Durch Simultan-\u00dcbersetzungen in die jeweilige Landessprache konnten wir die Debatte \u00fcber Kopf-h\u00f6rer in Deutsch verfolgen. Da wir aber um 19 Uhr unser Abendessen im Hotel einnehmen sollten, konnten wir die Debatte nur bis ca. 18 Uhr verfolgen. <\/span><\/p>\n<p><span style=\"color: #000000;\">In Kehl-Kork wurden wir im Hotel \u201eZum Ochsen\u201c sehr herzlich empfangen und auf die vorbereiteten Zimmer verteilt. Nach dem Abendessen wurde es noch ein sehr langer Abend. Viele alte Bekanntschaften und einige neue wurden aufgefrischt und wenn die Wirtsleute mitgespielt h\u00e4tten, die Gespr\u00e4che in den einzelnen Gruppen&nbsp; und Gr\u00fcppchen bis in den Morgen gedauert h\u00e4tten. <\/span><\/p>\n<p><span style=\"color: #000000;\">Nach dem Fr\u00fchst\u00fcck &#8211; ein tolles Fr\u00fchst\u00fccksbuffet war aufgebaut worden \u2013 haben<br \/>\nwir die Zimmer ger\u00e4umt und sind zur\u00fcck nach Stra\u00dfburg gefahren. In Kehl stieg unsere Stra\u00dfburg-Stadtf\u00fchrerin hinzu, die in Stra\u00dfburg die Gruppe teilte und unter F\u00fchrung der Beiden, wurde uns die Altstadt Stra\u00dfburg (Weltkultur-Erbe) sehr, sehr einpr\u00e4gsam nahegebracht. Bis zur Bootsfahrt auf der Ill war noch Zeit, so da\u00df jeder noch etwas essen konnte oder sich das M\u00fcnster, einen Bau der Hochgotik mit dem dritth\u00f6chsten Kirchturm der Welt (der H\u00f6chste: das Ulmer M\u00fcnster, der Zweith\u00f6chste: der K\u00f6lner Dom), genauer anzusehen. Bei der Fahrt auf der Ill konnten wir uns vom Wasser aus, noch mal die sch\u00f6nsten Ecken von Stra\u00dfburg ansehen. Einen Teil davon, hatten wir uns vorher vom Bus aus schon zeigen und erkl\u00e4ren lassen. <\/span><\/p>\n<p><span style=\"color: #000000;\">Vom Boot ging\u2019s dann per Fu\u00df-Bummel zum Bus, der uns dann nach Pfungstadt brachte, wo wir bei einem tollen Abendessen den Ausflug ausklingen lie\u00dfen. <\/span><\/p>\n<h1><span style=\"color: #800080;\"><strong>****************************************<\/strong><\/span><\/h1>\n<p><a title=\"BOOTs-Rundfahrten-PLAN - BATORAMA\" href=\"http:\/\/www.igbce-blogs.de:80\/aufgeweckte-alte\/wp-content\/uploads\/\/2015\/02\/BOOTs-Rundfahrten-PLAN-BATORAMA.jpg\" target=\"_blank\" rel=\"noopener\"><img loading=\"lazy\" decoding=\"async\" class=\"alignnone wp-image-5594 size-medium\" style=\"border: 2px solid black; margin: 2px;\" src=\"http:\/\/www.igbce-blogs.de:80\/aufgeweckte-alte\/wp-content\/uploads\/\/2015\/02\/BOOTs-Rundfahrten-PLAN-BATORAMA-480x339.jpg\" alt=\"BOOTs-Rundfahrten-PLAN - BATORAMA\" width=\"480\" height=\"339\" srcset=\"https:\/\/www.igbce-blogs.de\/aufgeweckte-alte\/wp-content\/uploads\/2015\/02\/BOOTs-Rundfahrten-PLAN-BATORAMA-480x339.jpg 480w, https:\/\/www.igbce-blogs.de\/aufgeweckte-alte\/wp-content\/uploads\/2015\/02\/BOOTs-Rundfahrten-PLAN-BATORAMA-150x106.jpg 150w, https:\/\/www.igbce-blogs.de\/aufgeweckte-alte\/wp-content\/uploads\/2015\/02\/BOOTs-Rundfahrten-PLAN-BATORAMA-1024x723.jpg 1024w\" sizes=\"auto, (max-width: 480px) 100vw, 480px\" \/><\/a><\/p>\n<h5><strong><em><span style=\"color: #0000ff;\">BOOTs-Rundfahrten-PLAN &#8211; BATORAMA &gt;DOWNLOAD:&nbsp;&nbsp; <\/span><\/em><span style=\"color: #993366;\"><br \/>\n<em><a href=\"http:\/\/www.igbce-blogs.de:80\/aufgeweckte-alte\/wp-content\/uploads\/\/2015\/02\/BOOTs-Rundfahrten-PLAN-BATORAMA.pdf\">BOOTs-Rundfahrten-PLAN &#8211; BATORAMA<\/a><\/em><\/span><br \/>\n<\/strong><\/h5>\n<h1><span style=\"color: #800080;\"><strong>****************************************<\/strong><\/span><\/h1>\n<h4><span style=\"color: #000000;\">LINK: <\/span><a title=\"Foto-Galerie Stra\u00dfburg &amp; Besuch des Europa-Parlament's \" href=\"https:\/\/www.igbce-blogs.de\/aufgeweckte-alte\/?p=5415\" target=\"_blank\" rel=\"noopener\">Foto-Galerie Stra\u00dfburg &amp; Besuch des Europa-Parlament&#8217;s <\/a><\/h4>\n<h4><span style=\"color: #000000;\">Zur <\/span><a title=\"Zur aktuellen \u00dcbersicht\" href=\"https:\/\/www.igbce-blogs.de\/aufgeweckte-alte\/?page_id=5405\" target=\"_blank\" rel=\"noopener\">aktuellen \u00dcbersicht<\/a><\/h4>\n<p><span> <\/span><\/p>\n<h5 style=\"text-align: left;\"><strong><span style=\"color: #000000;\">Zur<\/span> <\/strong><span style=\"color: #ff0000;\"><strong><a title=\"Startseite\" href=\"https:\/\/www.igbce-blogs.de\/aufgeweckte-alte\/\/?page_id=130\">Startseite<\/a><\/strong><\/p>\n<p><\/span><\/h5>\nRelated Images:","protected":false},"excerpt":{"rendered":"<p>Am Montag, dem 15.09.2014, morgens um 8 Uhr (eigentlich schon um 7Uhr 50 Min.) fuhren wir, die Aufgeweckten Alten, mit insgesamt 50 Personen von Frankfurt-H\u00f6chst Bahnhof nach Stra\u00dfburg. Gefahren wurden wir, wie h\u00e4ufig, in einem Bus der Firma Gutacker-Reisen. Gegen 9 Uhr 20 machten wir eine Fr\u00fchst\u00fcckspause an einer Auto-Bahn-Rastst\u00e4tte der A 5, um dann unsere Fahrt nach Stra\u00dfburg fortzusetzen, wo wir gegen 11 Uhr eintrafen. Hier hatten wir Zeit, die Stadt auf eigene Faust<\/p>\n","protected":false},"author":3,"featured_media":0,"comment_status":"open","ping_status":"closed","sticky":false,"template":"","format":"standard","meta":{"ngg_post_thumbnail":0,"footnotes":""},"categories":[1],"tags":[],"class_list":["post-5524","post","type-post","status-publish","format-standard","hentry","category-allgemein"],"_links":{"self":[{"href":"https:\/\/www.igbce-blogs.de\/aufgeweckte-alte\/index.php?rest_route=\/wp\/v2\/posts\/5524","targetHints":{"allow":["GET"]}}],"collection":[{"href":"https:\/\/www.igbce-blogs.de\/aufgeweckte-alte\/index.php?rest_route=\/wp\/v2\/posts"}],"about":[{"href":"https:\/\/www.igbce-blogs.de\/aufgeweckte-alte\/index.php?rest_route=\/wp\/v2\/types\/post"}],"author":[{"embeddable":true,"href":"https:\/\/www.igbce-blogs.de\/aufgeweckte-alte\/index.php?rest_route=\/wp\/v2\/users\/3"}],"replies":[{"embeddable":true,"href":"https:\/\/www.igbce-blogs.de\/aufgeweckte-alte\/index.php?rest_route=%2Fwp%2Fv2%2Fcomments&post=5524"}],"version-history":[{"count":50,"href":"https:\/\/www.igbce-blogs.de\/aufgeweckte-alte\/index.php?rest_route=\/wp\/v2\/posts\/5524\/revisions"}],"predecessor-version":[{"id":14080,"href":"https:\/\/www.igbce-blogs.de\/aufgeweckte-alte\/index.php?rest_route=\/wp\/v2\/posts\/5524\/revisions\/14080"}],"wp:attachment":[{"href":"https:\/\/www.igbce-blogs.de\/aufgeweckte-alte\/index.php?rest_route=%2Fwp%2Fv2%2Fmedia&parent=5524"}],"wp:term":[{"taxonomy":"category","embeddable":true,"href":"https:\/\/www.igbce-blogs.de\/aufgeweckte-alte\/index.php?rest_route=%2Fwp%2Fv2%2Fcategories&post=5524"},{"taxonomy":"post_tag","embeddable":true,"href":"https:\/\/www.igbce-blogs.de\/aufgeweckte-alte\/index.php?rest_route=%2Fwp%2Fv2%2Ftags&post=5524"}],"curies":[{"name":"wp","href":"https:\/\/api.w.org\/{rel}","templated":true}]}}