{"id":52,"date":"2010-01-25T18:00:09","date_gmt":"2010-01-25T16:00:09","guid":{"rendered":"http:\/\/www.igbce-blogs.de:80\/aufgeweckte-alte\/?p=52"},"modified":"2021-04-15T17:36:35","modified_gmt":"2021-04-15T15:36:35","slug":"einladung-zu-veranstaltungen","status":"publish","type":"post","link":"https:\/\/www.igbce-blogs.de\/aufgeweckte-alte\/?p=52","title":{"rendered":"Einladung zu Veranstaltungen am 10.02.2010 und 04.03.2010"},"content":{"rendered":"<p>Liebe Senioren,<\/p>\n<p>bei einem Treffen der Senioren im Bezirk Rhein-Main der IG BCE wurden erste \u00dcberlegungen angestellt, welche Aktivit\u00e4ten wir der Generation im (Un-)Ruhestand anbieten k\u00f6nnen, um gemeinsam ein paar sch\u00f6ne Stunden zu verbringen.<\/p>\n<p>Wir wollen klein anfangen und hoffen, dass viele mitmachen.<br \/>\nDaher laden wir dich herzlich zu unseren ersten beiden Veranstaltungen ein.<\/p>\n<p>Mittwoch, 10. Februar 2010, 14:00 Uhr<\/p>\n<p><strong>Kreppel-Kaffee<\/strong><\/p>\n<p>Donnerstag, 4. M\u00e4rz 2010, 14:00 Uhr<\/p>\n<p><strong>Referat zur \u201eRente und Steuern&#8220;<\/strong><\/p>\n<p>Welche Renten werden besteuert, wie und warum?<br \/>\nReferent: Klaus Badeck &#8211; Versicherten\u00e4ltester<\/p>\n<p>Beide Veranstaltungen finden bei der IG BCE, Geb\u00e4ude D 811 in Frankfurt-H\u00f6chst statt.<br \/>\nDas Geb\u00e4ude befindet sich in der N\u00e4he von Tor Ost, au\u00dferhalb des Industrieparks.<\/p>\n<p>Teile uns bitte mit, wenn Du weiterhin Einladungen erhalten m\u00f6chtest.<br \/>\nEin Wunschzettel f\u00fcr gemeinsame Aktivit\u00e4ten liegt dem Schreiben bei.<br \/>\nDu kannst ihn am 10.Februar 2010 zum Kreppel-Kaffee mitbringen oder zur\u00fccksenden.<\/p>\n<p>Wir haben schon weitere Termine vorgesehen,<br \/>\nzu denen wir interessante Gespr\u00e4chspartner erwarten.<br \/>\nEine entsprechende Einladung dazu wird noch erfolgen.<\/p>\n<p>Wir hoffen auf rege Teilnahme und bitten Dich um Anmeldung, damit wir planen k\u00f6nnen.<\/p>\n<p>Mit freundlichen Gr\u00fc\u00dfen<br \/>\nDie \u201eAufgeweckten Alten&#8220;<\/p>\n<p>&nbsp;<\/p>\n<h5 style=\"text-align: left;\"><strong><span style=\"color: #000000;\">Zur<\/span> <\/strong><span style=\"color: #ff0000;\"><strong><a title=\"Startseite\" href=\"https:\/\/www.igbce-blogs.de\/aufgeweckte-alte\/\/?page_id=130\">Startseite<\/a><\/strong><\/span><\/h5>\nRelated Images:","protected":false},"excerpt":{"rendered":"<p>Liebe Senioren, bei einem Treffen der Senioren im Bezirk Rhein-Main der IG BCE wurden erste \u00dcberlegungen angestellt, welche Aktivit\u00e4ten wir der Generation im (Un-)Ruhestand anbieten k\u00f6nnen, um gemeinsam ein paar sch\u00f6ne Stunden zu verbringen. Wir wollen klein anfangen und hoffen, dass viele mitmachen. Daher laden wir dich herzlich zu unseren ersten beiden Veranstaltungen ein. Mittwoch, [&hellip;]<\/p>\n","protected":false},"author":3,"featured_media":0,"comment_status":"open","ping_status":"closed","sticky":false,"template":"","format":"standard","meta":{"ngg_post_thumbnail":0,"footnotes":""},"categories":[1],"tags":[],"class_list":["post-52","post","type-post","status-publish","format-standard","hentry","category-allgemein"],"_links":{"self":[{"href":"https:\/\/www.igbce-blogs.de\/aufgeweckte-alte\/index.php?rest_route=\/wp\/v2\/posts\/52","targetHints":{"allow":["GET"]}}],"collection":[{"href":"https:\/\/www.igbce-blogs.de\/aufgeweckte-alte\/index.php?rest_route=\/wp\/v2\/posts"}],"about":[{"href":"https:\/\/www.igbce-blogs.de\/aufgeweckte-alte\/index.php?rest_route=\/wp\/v2\/types\/post"}],"author":[{"embeddable":true,"href":"https:\/\/www.igbce-blogs.de\/aufgeweckte-alte\/index.php?rest_route=\/wp\/v2\/users\/3"}],"replies":[{"embeddable":true,"href":"https:\/\/www.igbce-blogs.de\/aufgeweckte-alte\/index.php?rest_route=%2Fwp%2Fv2%2Fcomments&post=52"}],"version-history":[{"count":5,"href":"https:\/\/www.igbce-blogs.de\/aufgeweckte-alte\/index.php?rest_route=\/wp\/v2\/posts\/52\/revisions"}],"predecessor-version":[{"id":13898,"href":"https:\/\/www.igbce-blogs.de\/aufgeweckte-alte\/index.php?rest_route=\/wp\/v2\/posts\/52\/revisions\/13898"}],"wp:attachment":[{"href":"https:\/\/www.igbce-blogs.de\/aufgeweckte-alte\/index.php?rest_route=%2Fwp%2Fv2%2Fmedia&parent=52"}],"wp:term":[{"taxonomy":"category","embeddable":true,"href":"https:\/\/www.igbce-blogs.de\/aufgeweckte-alte\/index.php?rest_route=%2Fwp%2Fv2%2Fcategories&post=52"},{"taxonomy":"post_tag","embeddable":true,"href":"https:\/\/www.igbce-blogs.de\/aufgeweckte-alte\/index.php?rest_route=%2Fwp%2Fv2%2Ftags&post=52"}],"curies":[{"name":"wp","href":"https:\/\/api.w.org\/{rel}","templated":true}]}}