{"id":42,"date":"2009-08-27T16:00:40","date_gmt":"2009-08-27T14:00:40","guid":{"rendered":"http:\/\/www.igbce-blogs.de:80\/aufgeweckte-alte\/?p=42"},"modified":"2021-04-15T18:14:45","modified_gmt":"2021-04-15T16:14:45","slug":"aufgeweckte-alte","status":"publish","type":"post","link":"https:\/\/www.igbce-blogs.de\/aufgeweckte-alte\/?p=42","title":{"rendered":"\u201dAufgeweckte Alte\u201d eine neue IDEE !"},"content":{"rendered":"<p>Treffen der Senioren im Bereich Frankfurt<\/p>\n<h2><span style=\"color: #ff0000;\">Startschuss zur Seniorenarbeit in Frankfurt<\/span><\/h2>\n<div class=\"entry\">\n<p>Mit 20 TeilnehmerInnen sind bei Kaffee und Kuchen Gedanken und Ideen ausgetauscht worden. Und eine erste Erfolgsnachricht: ein Kreis aus sieben Aktiven hat sich bereit erkl\u00e4rt, die weitere Gestaltung rege in seine Hand zu nehmen. Dieser Kreis wird sich um die Koordinierung und Organisation der weiteren Arbeit k\u00fcmmern. In der Diskussion besonders wichtig war die Regionale Anbindung, die M\u00f6glichkeit des Kennenlernens und gemeinsamen Unternehmens anderer Gewerkschaftler im Wohnumfeld.<\/p>\n<p>Aber auch schon praktisch wurde \u00fcber zuk\u00fcnftige Aktivit\u00e4ten diskutiert: Ausfl\u00fcge, Wanderungen, geselliges Beisammensein, Kulturelle Veranstaltungen, Betriebsbesichtigung, Infoveranstaltungen zu aktuellen Themen z.B. Patientenverf\u00fcgung und vieles mehr ist denkbar f\u00fcr ein buntes und attraktives Jahresprogramm der Senioren.<\/p>\n<\/div>\n<h5>&nbsp;<\/h5>\n<h5 style=\"text-align: left;\"><strong><span style=\"color: #000000;\">Zur<\/span> <\/strong><span style=\"color: #ff0000;\"><strong><a title=\"Startseite\" href=\"https:\/\/www.igbce-blogs.de\/aufgeweckte-alte\/\/?page_id=130\">Startseite<\/a><\/strong><\/span><\/h5>\nRelated Images:","protected":false},"excerpt":{"rendered":"<p>Treffen der Senioren im Bereich Frankfurt Startschuss zur Seniorenarbeit in Frankfurt Mit 20 TeilnehmerInnen sind bei Kaffee und Kuchen Gedanken und Ideen ausgetauscht worden. Und eine erste Erfolgsnachricht: ein Kreis aus sieben Aktiven hat sich bereit erkl\u00e4rt, die weitere Gestaltung rege in seine Hand zu nehmen. Dieser Kreis wird sich um die Koordinierung und Organisation [&hellip;]<\/p>\n","protected":false},"author":3,"featured_media":0,"comment_status":"open","ping_status":"closed","sticky":false,"template":"","format":"standard","meta":{"ngg_post_thumbnail":0,"footnotes":""},"categories":[1],"tags":[],"class_list":["post-42","post","type-post","status-publish","format-standard","hentry","category-allgemein"],"_links":{"self":[{"href":"https:\/\/www.igbce-blogs.de\/aufgeweckte-alte\/index.php?rest_route=\/wp\/v2\/posts\/42","targetHints":{"allow":["GET"]}}],"collection":[{"href":"https:\/\/www.igbce-blogs.de\/aufgeweckte-alte\/index.php?rest_route=\/wp\/v2\/posts"}],"about":[{"href":"https:\/\/www.igbce-blogs.de\/aufgeweckte-alte\/index.php?rest_route=\/wp\/v2\/types\/post"}],"author":[{"embeddable":true,"href":"https:\/\/www.igbce-blogs.de\/aufgeweckte-alte\/index.php?rest_route=\/wp\/v2\/users\/3"}],"replies":[{"embeddable":true,"href":"https:\/\/www.igbce-blogs.de\/aufgeweckte-alte\/index.php?rest_route=%2Fwp%2Fv2%2Fcomments&post=42"}],"version-history":[{"count":9,"href":"https:\/\/www.igbce-blogs.de\/aufgeweckte-alte\/index.php?rest_route=\/wp\/v2\/posts\/42\/revisions"}],"predecessor-version":[{"id":13961,"href":"https:\/\/www.igbce-blogs.de\/aufgeweckte-alte\/index.php?rest_route=\/wp\/v2\/posts\/42\/revisions\/13961"}],"wp:attachment":[{"href":"https:\/\/www.igbce-blogs.de\/aufgeweckte-alte\/index.php?rest_route=%2Fwp%2Fv2%2Fmedia&parent=42"}],"wp:term":[{"taxonomy":"category","embeddable":true,"href":"https:\/\/www.igbce-blogs.de\/aufgeweckte-alte\/index.php?rest_route=%2Fwp%2Fv2%2Fcategories&post=42"},{"taxonomy":"post_tag","embeddable":true,"href":"https:\/\/www.igbce-blogs.de\/aufgeweckte-alte\/index.php?rest_route=%2Fwp%2Fv2%2Ftags&post=42"}],"curies":[{"name":"wp","href":"https:\/\/api.w.org\/{rel}","templated":true}]}}