{"id":4126,"date":"2013-05-29T12:53:32","date_gmt":"2013-05-29T10:53:32","guid":{"rendered":"http:\/\/www.igbce-blogs.de\/aufgeweckte-alte\/?p=4126"},"modified":"2021-04-19T16:22:45","modified_gmt":"2021-04-19T14:22:45","slug":"aktiven-treff-der-aufgeweckten-alten-juni-2013","status":"publish","type":"post","link":"https:\/\/www.igbce-blogs.de\/aufgeweckte-alte\/?p=4126","title":{"rendered":"AKTIVEN-TREFF der \u201eAufgeweckten Alten\u201d Juni 2013"},"content":{"rendered":"<h3><em><span style=\"color: #000080;\"><strong>ACHTUNG &#8211; ACHTUNG !!! <\/strong><\/span><\/em><\/h3>\n<p>An alle AKTIVEN,<br \/>\nunser AKTIVEN-TREFF der \u201eAufgeweckten Alten\u201d<br \/>\n<em><strong>am 4. Juni 2013 ab 14:00 Uhr in der WUNDERBAR (H\u00f6chst)<\/strong><\/em>!<br \/>\nPeter hat schon reserviert.<\/p>\n<p>1.&nbsp; Wir m\u00fcssen einen Raum f\u00fcr unsere monatlichen Treffs suchen.<br \/>\nHans-J\u00fcrgen wird bei der Kath. Gemeinde in H\u00f6chst nachfragen.<\/p>\n<p style=\"padding-left: 30px;\">NACHTRAG von H. Huemke:<br \/>\nIch habe heute noch mit Frau Kreutner sprechen k\u00f6nnen.<br \/>\nWir k\u00f6nnen den Raum, mit Kaffeemaschine und abschlie\u00dfbarem<br \/>\nSchrank nur mittwochs bekommen,&nbsp; zum Preis von mon.25 Euro.<br \/>\nBitte spreche dies bei dem n\u00e4chsten Treffen an, ich selbst bin zu<br \/>\ndiesem Zeitpunkt nicht im Frankfurter Raum.<br \/>\nWir sollten uns dann ab September 2013<br \/>\nimmer mittwochs treffen, es sei denn,<br \/>\nes sprechen sehr viele dagegen.<\/p>\n<p style=\"padding-left: 30px;\">Sprich doch bitte mit Frau Kreutner noch eventuelle Details ab.<br \/>\nIch werde bei unserer Besprechung im Juli wieder dabei sein k\u00f6nnen.<br \/>\nBitte teile Allen noch den Ort der Besprechung mit.<\/p>\n<p>2.&nbsp; Ausflug am 11. September nach Fulda&nbsp; wird von Hans-J\u00fcrgen und Holger<br \/>\norganisiert. Das Lokal f\u00fcr das Mittagessen mu\u00df noch festgelegt werden.<\/p>\n<p>3.&nbsp; Organisation des Advents-Kaffees wird wieder von Hans-J\u00fcrgen<br \/>\n\u00fcbernommen. F\u00fcr den Einkauf garantieren Uschi und Walfriede.<\/p>\n<p>4.&nbsp; ALLGEMEINES und Aussprache<\/p>\n<h5><strong><span style=\"color: #000000;\">Zur<\/span> <a href=\"https:\/\/www.igbce-blogs.de\/aufgeweckte-alte\/?page_id=130\">Startseite<\/a><\/strong><\/h5>\nRelated Images:","protected":false},"excerpt":{"rendered":"<p>ACHTUNG &#8211; ACHTUNG !!! An alle AKTIVEN, unser AKTIVEN-TREFF der \u201eAufgeweckten Alten\u201d am 4. Juni 2013 ab 14:00 Uhr in der WUNDERBAR (H\u00f6chst)! Peter hat schon reserviert. 1.&nbsp; Wir m\u00fcssen einen Raum f\u00fcr unsere monatlichen Treffs suchen. Hans-J\u00fcrgen wird bei der Kath. Gemeinde in H\u00f6chst nachfragen. NACHTRAG von H. Huemke: Ich habe heute noch mit [&hellip;]<\/p>\n","protected":false},"author":3,"featured_media":0,"comment_status":"open","ping_status":"closed","sticky":false,"template":"","format":"standard","meta":{"ngg_post_thumbnail":0,"footnotes":""},"categories":[1],"tags":[],"class_list":["post-4126","post","type-post","status-publish","format-standard","hentry","category-allgemein"],"_links":{"self":[{"href":"https:\/\/www.igbce-blogs.de\/aufgeweckte-alte\/index.php?rest_route=\/wp\/v2\/posts\/4126","targetHints":{"allow":["GET"]}}],"collection":[{"href":"https:\/\/www.igbce-blogs.de\/aufgeweckte-alte\/index.php?rest_route=\/wp\/v2\/posts"}],"about":[{"href":"https:\/\/www.igbce-blogs.de\/aufgeweckte-alte\/index.php?rest_route=\/wp\/v2\/types\/post"}],"author":[{"embeddable":true,"href":"https:\/\/www.igbce-blogs.de\/aufgeweckte-alte\/index.php?rest_route=\/wp\/v2\/users\/3"}],"replies":[{"embeddable":true,"href":"https:\/\/www.igbce-blogs.de\/aufgeweckte-alte\/index.php?rest_route=%2Fwp%2Fv2%2Fcomments&post=4126"}],"version-history":[{"count":21,"href":"https:\/\/www.igbce-blogs.de\/aufgeweckte-alte\/index.php?rest_route=\/wp\/v2\/posts\/4126\/revisions"}],"predecessor-version":[{"id":14057,"href":"https:\/\/www.igbce-blogs.de\/aufgeweckte-alte\/index.php?rest_route=\/wp\/v2\/posts\/4126\/revisions\/14057"}],"wp:attachment":[{"href":"https:\/\/www.igbce-blogs.de\/aufgeweckte-alte\/index.php?rest_route=%2Fwp%2Fv2%2Fmedia&parent=4126"}],"wp:term":[{"taxonomy":"category","embeddable":true,"href":"https:\/\/www.igbce-blogs.de\/aufgeweckte-alte\/index.php?rest_route=%2Fwp%2Fv2%2Fcategories&post=4126"},{"taxonomy":"post_tag","embeddable":true,"href":"https:\/\/www.igbce-blogs.de\/aufgeweckte-alte\/index.php?rest_route=%2Fwp%2Fv2%2Ftags&post=4126"}],"curies":[{"name":"wp","href":"https:\/\/api.w.org\/{rel}","templated":true}]}}