{"id":3759,"date":"2013-03-28T20:19:46","date_gmt":"2013-03-28T18:19:46","guid":{"rendered":"http:\/\/www.igbce-blogs.de\/aufgeweckte-alte\/?p=3759"},"modified":"2021-04-19T16:10:38","modified_gmt":"2021-04-19T14:10:38","slug":"aktiven-treff-der-aufgeweckten-alten-april-2013","status":"publish","type":"post","link":"https:\/\/www.igbce-blogs.de\/aufgeweckte-alte\/?p=3759","title":{"rendered":"AKTIVEN-TREFF der \u201eAufgeweckten Alten\u201d April 2013"},"content":{"rendered":"<h3><em><span style=\"color: #000080;\"><strong>ACHTUNG &#8211; ACHTUNG, sehr wichtig !!! <\/strong><\/span><\/em><\/h3>\n<p>An alle AKTIVEN,<br \/>\nunser AKTIVEN-TREFF der \u201eAufgeweckten Alten\u201d<br \/>\n<em><strong>am 2. April 2013 ab 14:00 Uhr findet in der WUNDERBAR (H\u00f6chst)<\/strong><\/em> statt !<br \/>\nPeter hat schon reserviert.<\/p>\n<ol>\n<li>Peter hat die Auswertung Wetterpark-Offenbach;<br \/>\nAbschlie\u00dfendes zu Organisation und Ablauf.<\/li>\n<li>Abstimmung zur Einladung Henkell und Biebricher Schlo\u00df,<br \/>\nWiesbaden (siehe Entwurf in der PDF-Anlage).<\/li>\n<li>Abstimmung: Endsendung von ein bis zwei Teilnehmer\/innen,<br \/>\nsowie eine Ersatzperson zur Seniorenpolitischen Tagung.<br \/>\nSie findet am 21.\/22. Juni 2013 in Bad M\u00fcnder statt.<br \/>\nMeldeschlu\u00df vom Bezirk ist der 15. April 2013.<\/li>\n<li>Sieglinde &#8211; Bericht: Ingelheim in der Vorbereitung.<\/li>\n<li>ALLGEMEINES und Aussprache<\/li>\n<\/ol>\n<h5 style=\"text-align: left;\"><strong><span style=\"color: #000000;\">Zur <\/span><a href=\"https:\/\/www.igbce-blogs.de\/aufgeweckte-alte\/?page_id=130\">Startseite<\/a><\/strong><\/h5>\nRelated Images:","protected":false},"excerpt":{"rendered":"<p>ACHTUNG &#8211; ACHTUNG, sehr wichtig !!! An alle AKTIVEN, unser AKTIVEN-TREFF der \u201eAufgeweckten Alten\u201d am 2. April 2013 ab 14:00 Uhr findet in der WUNDERBAR (H\u00f6chst) statt ! Peter hat schon reserviert. Peter hat die Auswertung Wetterpark-Offenbach; Abschlie\u00dfendes zu Organisation und Ablauf. Abstimmung zur Einladung Henkell und Biebricher Schlo\u00df, Wiesbaden (siehe Entwurf in der PDF-Anlage). [&hellip;]<\/p>\n","protected":false},"author":3,"featured_media":0,"comment_status":"open","ping_status":"closed","sticky":false,"template":"","format":"standard","meta":{"ngg_post_thumbnail":0,"footnotes":""},"categories":[1],"tags":[],"class_list":["post-3759","post","type-post","status-publish","format-standard","hentry","category-allgemein"],"_links":{"self":[{"href":"https:\/\/www.igbce-blogs.de\/aufgeweckte-alte\/index.php?rest_route=\/wp\/v2\/posts\/3759","targetHints":{"allow":["GET"]}}],"collection":[{"href":"https:\/\/www.igbce-blogs.de\/aufgeweckte-alte\/index.php?rest_route=\/wp\/v2\/posts"}],"about":[{"href":"https:\/\/www.igbce-blogs.de\/aufgeweckte-alte\/index.php?rest_route=\/wp\/v2\/types\/post"}],"author":[{"embeddable":true,"href":"https:\/\/www.igbce-blogs.de\/aufgeweckte-alte\/index.php?rest_route=\/wp\/v2\/users\/3"}],"replies":[{"embeddable":true,"href":"https:\/\/www.igbce-blogs.de\/aufgeweckte-alte\/index.php?rest_route=%2Fwp%2Fv2%2Fcomments&post=3759"}],"version-history":[{"count":8,"href":"https:\/\/www.igbce-blogs.de\/aufgeweckte-alte\/index.php?rest_route=\/wp\/v2\/posts\/3759\/revisions"}],"predecessor-version":[{"id":14053,"href":"https:\/\/www.igbce-blogs.de\/aufgeweckte-alte\/index.php?rest_route=\/wp\/v2\/posts\/3759\/revisions\/14053"}],"wp:attachment":[{"href":"https:\/\/www.igbce-blogs.de\/aufgeweckte-alte\/index.php?rest_route=%2Fwp%2Fv2%2Fmedia&parent=3759"}],"wp:term":[{"taxonomy":"category","embeddable":true,"href":"https:\/\/www.igbce-blogs.de\/aufgeweckte-alte\/index.php?rest_route=%2Fwp%2Fv2%2Fcategories&post=3759"},{"taxonomy":"post_tag","embeddable":true,"href":"https:\/\/www.igbce-blogs.de\/aufgeweckte-alte\/index.php?rest_route=%2Fwp%2Fv2%2Ftags&post=3759"}],"curies":[{"name":"wp","href":"https:\/\/api.w.org\/{rel}","templated":true}]}}