{"id":2960,"date":"2012-07-20T15:38:45","date_gmt":"2012-07-20T13:38:45","guid":{"rendered":"http:\/\/www.igbce-blogs.de\/aufgeweckte-alte\/?p=2960"},"modified":"2021-04-19T15:56:13","modified_gmt":"2021-04-19T13:56:13","slug":"hessischen-landtag-und-mittagstisch-im-wispertal","status":"publish","type":"post","link":"https:\/\/www.igbce-blogs.de\/aufgeweckte-alte\/?p=2960","title":{"rendered":"Hessischen Landtag und Mittagstisch im Wispertal"},"content":{"rendered":"<h5><span style=\"color: #000000;\"><strong>Einige Gedanken zum Hessischen Landtag von Hans-J\u00fcrgen.<\/strong><\/span><\/h5>\n<p>Wer zum ersten Mal in den Hessischen Landtag geht, erfreut sich zuerst<br \/>\neinmal an dem freundlichen Umfeld, sprich, den h\u00fcbschen H\u00e4usern der<br \/>\nAltstadt. Das recht moderne Geb\u00e4ude pa\u00dft sich nicht ganz unauff\u00e4llig in den<br \/>\nalten Wohnbestand ein. Gro\u00dfz\u00fcgigkeit und bequeme Trib\u00fcnenpl\u00e4tze erfreuen.<\/p>\n<p>F\u00fcr den durchorganisierten, \u00e4lteren Menschen beginnt dann allerdings<br \/>\neine Phase des Lernens. Erst m\u00fchsam erfa\u00dft er, da\u00df es sich nicht um den<br \/>\nAufenthalt in&nbsp; einer sehr aufgeweckten, ja l\u00e4rmenden Schulklasse handelt,<br \/>\nsondern um erwachsene Volksvertreter, die, wie seit 150 Jahren in der<br \/>\nparlamentarischer Arbeit, ihren Unmut, ja Unwillen ziemlich lautstark<br \/>\nbekannt geben. Da es Alle tun, scheint es wohl so richtig zu sein.<\/p>\n<p>Die Redner lie\u00dfen sich dadurch nicht st\u00f6ren. Aber auch die<br \/>\nzeitunglesenden, &#8222;zuh\u00f6renden?&#8220; Parlamentarier&nbsp; st\u00f6rte es nicht.<\/p>\n<p>Die Beitr\u00e4ge waren, situationsbedingt, informativ, da es sich um die Schule<br \/>\nund den Flug-L\u00e4rm handelte. Leider war f\u00fcr Interessierte die eine Stunde zu<br \/>\nkurz. Anschlie\u00dfende, erg\u00e4nzende Informationen durch einen Parlamentarier,<br \/>\nrundete dann doch das Geh\u00f6rte ab und schaffte Verst\u00e4ndnis f\u00fcr die Situation.<\/p>\n<p>Die anschlie\u00dfende Besichtigung im alten Schlo\u00df f\u00fchrte den Vormitttag zu<br \/>\neinem harmonischen Ende und lie\u00df die Besucher mit trockener Kehle<br \/>\nzum Mittagstisch ins Wispertal entschwinden.<\/p>\n<h5><span style=\"color: #000000;\"><strong>Eine Schilderung des Tages von Holger.<\/strong><\/span><\/h5>\n<p>Am 28.06.2012 trafen sich die \u201eAufgeweckten Alten\u201c in H\u00f6chst am<br \/>\nBahnhof bereits um 7 Uhr, um nach Wiesbaden zum Landtag zu fahren.<br \/>\nHier nahmen wir an einer Sitzung zum Thema \u201eG8\/G9\u201c zur Gymnasial-Reform teil.<\/p>\n<p>Es war eine tolle Erfahrung, denn unsere Abgeordneten erschienen nicht alle<br \/>\nzu dieser wichtigen Aussprache, lasen die Zeitung (z. B. \u201eBild\u201c), oder waren mit<br \/>\nihren Labtops (wie in der Fraktion der \u201eLinken\u201c) besch\u00e4ftigt, mit Sicherheit nicht<br \/>\nnur der Debatte folgend, sondern auch \u201eTetris\u201c oder andere Spiele spielend.<\/p>\n<p>Bei der anschlie\u00dfenden Aussprache mit Frau Ypsilanti und Herrn Grumbach,<br \/>\nunserem Frankfurter SPD-Vertreter, wollte man uns erkl\u00e4ren,<br \/>\nweshalb einige Abgeordnete w\u00e4hrend der&nbsp; Debatte fehlten.<\/p>\n<p>Die anschlie\u00dfende Schlossf\u00fchrung war sehr informativ. Nach einem Gruppenbild<br \/>\nmit Damen vor dem Eingang zum Landtag wurde Arnold Weber verabschiedet,<br \/>\nder zur Amtseinf\u00fchrung des neuen Franfurter-OB nach Frankfurt&nbsp; zur\u00fcck mu\u00dfte.<\/p>\n<p>Die Gruppe fuhr weiter in\u2019s Wispertal, wo wir in der Laukenm\u00fchle a la Card,<br \/>\nzu Mittag a\u00dfen; welch ein Luxus?-!<\/p>\n<p>Wir hatten viel Zeit (\u00fcber 2 Std.) zum Essen. Dann ging es bei&nbsp; herrlichem Wetter<br \/>\ndurch die \u201eRheingauer Alpen\u201c bis zum Niederwald-Denkmal mit fantastischem<br \/>\nBlick \u00fcber das Rheintal bei R\u00fcdesheim und Bingen.<br \/>\nHier durften sich die Teilnehmer entscheiden, entweder mit dem Bus<br \/>\noder zu Fu\u00df durch die Weinberge nach R\u00fcdesheim zu gelangen wollten.<\/p>\n<p>Es bildeten sich 3 Gruppen, von denen eine mit dem Bus fuhr.<br \/>\nDie beiden anderen&nbsp; liefen nach R\u00fcdesheim, wo man sich am Ausgang<br \/>\nder Drosselgasse wieder&nbsp; traf, um gemeinsam mit allen anderen<br \/>\ndie Heimfahrt anzutreten.<\/p>\n<p>Alles in Allem ein rundum gelungener Ausflug,<br \/>\nwie von allen Beteiligten zu h\u00f6ren war!<\/p>\n<p>&nbsp;<\/p>\n<h5 style=\"text-align: left;\"><strong><span style=\"color: #000000;\">Zur <\/span><\/strong><a href=\"https:\/\/www.igbce-blogs.de\/aufgeweckte-alte\/?page_id=130\"><strong>Startseite<\/strong><\/a><\/h5>\nRelated Images:","protected":false},"excerpt":{"rendered":"<p>Einige Gedanken zum Hessischen Landtag von Hans-J\u00fcrgen. Wer zum ersten Mal in den Hessischen Landtag geht, erfreut sich zuerst einmal an dem freundlichen Umfeld, sprich, den h\u00fcbschen H\u00e4usern der Altstadt. Das recht moderne Geb\u00e4ude pa\u00dft sich nicht ganz unauff\u00e4llig in den alten Wohnbestand ein. Gro\u00dfz\u00fcgigkeit und bequeme Trib\u00fcnenpl\u00e4tze erfreuen. F\u00fcr den durchorganisierten, \u00e4lteren Menschen beginnt [&hellip;]<\/p>\n","protected":false},"author":3,"featured_media":0,"comment_status":"open","ping_status":"closed","sticky":false,"template":"","format":"standard","meta":{"ngg_post_thumbnail":0,"footnotes":""},"categories":[1],"tags":[],"class_list":["post-2960","post","type-post","status-publish","format-standard","hentry","category-allgemein"],"_links":{"self":[{"href":"https:\/\/www.igbce-blogs.de\/aufgeweckte-alte\/index.php?rest_route=\/wp\/v2\/posts\/2960","targetHints":{"allow":["GET"]}}],"collection":[{"href":"https:\/\/www.igbce-blogs.de\/aufgeweckte-alte\/index.php?rest_route=\/wp\/v2\/posts"}],"about":[{"href":"https:\/\/www.igbce-blogs.de\/aufgeweckte-alte\/index.php?rest_route=\/wp\/v2\/types\/post"}],"author":[{"embeddable":true,"href":"https:\/\/www.igbce-blogs.de\/aufgeweckte-alte\/index.php?rest_route=\/wp\/v2\/users\/3"}],"replies":[{"embeddable":true,"href":"https:\/\/www.igbce-blogs.de\/aufgeweckte-alte\/index.php?rest_route=%2Fwp%2Fv2%2Fcomments&post=2960"}],"version-history":[{"count":15,"href":"https:\/\/www.igbce-blogs.de\/aufgeweckte-alte\/index.php?rest_route=\/wp\/v2\/posts\/2960\/revisions"}],"predecessor-version":[{"id":14032,"href":"https:\/\/www.igbce-blogs.de\/aufgeweckte-alte\/index.php?rest_route=\/wp\/v2\/posts\/2960\/revisions\/14032"}],"wp:attachment":[{"href":"https:\/\/www.igbce-blogs.de\/aufgeweckte-alte\/index.php?rest_route=%2Fwp%2Fv2%2Fmedia&parent=2960"}],"wp:term":[{"taxonomy":"category","embeddable":true,"href":"https:\/\/www.igbce-blogs.de\/aufgeweckte-alte\/index.php?rest_route=%2Fwp%2Fv2%2Fcategories&post=2960"},{"taxonomy":"post_tag","embeddable":true,"href":"https:\/\/www.igbce-blogs.de\/aufgeweckte-alte\/index.php?rest_route=%2Fwp%2Fv2%2Ftags&post=2960"}],"curies":[{"name":"wp","href":"https:\/\/api.w.org\/{rel}","templated":true}]}}