{"id":2751,"date":"2012-05-07T16:00:47","date_gmt":"2012-05-07T14:00:47","guid":{"rendered":"http:\/\/www.igbce-blogs.de\/aufgeweckte-alte\/?p=2751"},"modified":"2021-04-19T15:54:21","modified_gmt":"2021-04-19T13:54:21","slug":"treffen-der-aktiven-aufgeweckte-alte-mai-2012","status":"publish","type":"post","link":"https:\/\/www.igbce-blogs.de\/aufgeweckte-alte\/?p=2751","title":{"rendered":"Treffen der AKTIVEN \u201eAufgeweckte Alte\u201d Mai 2012"},"content":{"rendered":"<h3><span style=\"color: #000000;\">Hallo AKTIVE &#8220; \u201eAufgeweckte Alte\u201d<\/span><\/h3>\n<h5><span style=\"color: #0000ff;\"><em>wir sehen uns voraussichtlich erst <span style=\"color: #ff0000;\">am Di. den 15. Mai 2012 um 13:30 Uhr<\/span><br \/>\nund leider nicht am Di. den 8. Mai 2012 um 14:00 Uhr im H\u00f6chster B\u00fcro!<\/em><\/span><\/h5>\n<p>Vom B\u00fcro Wiesbaden wurde uns heute um 13:38 Uhr per Mail mitgeteilt,<br \/>\ndas unser H\u00f6chster B\u00fcro krankheitsbedingt morgen nicht besetzt werden kann!<\/p>\n<h5><span style=\"color: #000000;\">Wichtige Entscheidungen stehen an!<\/span><\/h5>\n<p><span style=\"color: #000000;\">Arnold wurde von Henkells mitgeteilt, das der Termin vom 28. Juni 2012 &#8211; 14:00 Uhr nicht gehalten werden kann, so das wir uns f\u00fcr den Nachmittag etwas \u00fcberlegen m\u00fcssen. Gute Vorschl\u00e4ge sind der evtl. Besuch des Niederwalddenkmals\u2013eine Weinprobe \u2013 Rochuskapelle\u2013Burg Rheinstein usw<strong>. <\/strong><\/span><\/p>\n<p><span style=\"color: #000000;\">Mit einem Bus, der uns den ganzen Tag zur Verf\u00fcgung steht, ist ja genug Freiraum vorhanden.<\/span><\/p>\n<p><span style=\"color: #000080;\"><em><strong>Einladung an Gabriele Katzmarek f\u00fcr Mi. den 02.05.2012 14:00 Uhr!<\/strong><\/em><\/span><\/p>\n<p><strong><em>Wir w\u00fcrden uns sehr freuen, Sie bei uns begr\u00fc\u00dfen zu k\u00f6nnen!<\/em><\/strong><\/p>\n<p>&nbsp;<\/p>\n<h5 style=\"text-align: left;\"><strong><span style=\"color: #000000;\">Zur <\/span><\/strong><a href=\"https:\/\/www.igbce-blogs.de\/aufgeweckte-alte\/?page_id=130\"><strong>Startseite<\/strong><\/a><\/h5>\nRelated Images:","protected":false},"excerpt":{"rendered":"<p>Hallo AKTIVE &#8220; \u201eAufgeweckte Alte\u201d wir sehen uns voraussichtlich erst am Di. den 15. Mai 2012 um 13:30 Uhr und leider nicht am Di. den 8. Mai 2012 um 14:00 Uhr im H\u00f6chster B\u00fcro! Vom B\u00fcro Wiesbaden wurde uns heute um 13:38 Uhr per Mail mitgeteilt, das unser H\u00f6chster B\u00fcro krankheitsbedingt morgen nicht besetzt werden [&hellip;]<\/p>\n","protected":false},"author":3,"featured_media":0,"comment_status":"open","ping_status":"closed","sticky":false,"template":"","format":"standard","meta":{"ngg_post_thumbnail":0,"footnotes":""},"categories":[1],"tags":[],"class_list":["post-2751","post","type-post","status-publish","format-standard","hentry","category-allgemein"],"_links":{"self":[{"href":"https:\/\/www.igbce-blogs.de\/aufgeweckte-alte\/index.php?rest_route=\/wp\/v2\/posts\/2751","targetHints":{"allow":["GET"]}}],"collection":[{"href":"https:\/\/www.igbce-blogs.de\/aufgeweckte-alte\/index.php?rest_route=\/wp\/v2\/posts"}],"about":[{"href":"https:\/\/www.igbce-blogs.de\/aufgeweckte-alte\/index.php?rest_route=\/wp\/v2\/types\/post"}],"author":[{"embeddable":true,"href":"https:\/\/www.igbce-blogs.de\/aufgeweckte-alte\/index.php?rest_route=\/wp\/v2\/users\/3"}],"replies":[{"embeddable":true,"href":"https:\/\/www.igbce-blogs.de\/aufgeweckte-alte\/index.php?rest_route=%2Fwp%2Fv2%2Fcomments&post=2751"}],"version-history":[{"count":54,"href":"https:\/\/www.igbce-blogs.de\/aufgeweckte-alte\/index.php?rest_route=\/wp\/v2\/posts\/2751\/revisions"}],"predecessor-version":[{"id":14028,"href":"https:\/\/www.igbce-blogs.de\/aufgeweckte-alte\/index.php?rest_route=\/wp\/v2\/posts\/2751\/revisions\/14028"}],"wp:attachment":[{"href":"https:\/\/www.igbce-blogs.de\/aufgeweckte-alte\/index.php?rest_route=%2Fwp%2Fv2%2Fmedia&parent=2751"}],"wp:term":[{"taxonomy":"category","embeddable":true,"href":"https:\/\/www.igbce-blogs.de\/aufgeweckte-alte\/index.php?rest_route=%2Fwp%2Fv2%2Fcategories&post=2751"},{"taxonomy":"post_tag","embeddable":true,"href":"https:\/\/www.igbce-blogs.de\/aufgeweckte-alte\/index.php?rest_route=%2Fwp%2Fv2%2Ftags&post=2751"}],"curies":[{"name":"wp","href":"https:\/\/api.w.org\/{rel}","templated":true}]}}