{"id":2283,"date":"2012-03-02T15:57:42","date_gmt":"2012-03-02T13:57:42","guid":{"rendered":"http:\/\/www.igbce-blogs.de\/aufgeweckte-alte\/?p=2283"},"modified":"2021-04-19T15:45:57","modified_gmt":"2021-04-19T13:45:57","slug":"aa-treff-06-marz-2012","status":"publish","type":"post","link":"https:\/\/www.igbce-blogs.de\/aufgeweckte-alte\/?p=2283","title":{"rendered":"Treffen der AKTIVEN \u201eAufgeweckte Alte\u201d M\u00e4rz 2012"},"content":{"rendered":"<ol>\n<li><span style=\"color: #000000;\">Antonietta Kuhley stellt sich am Dienstag als neue AKTIVE vor.<br \/>\n<\/span><\/li>\n<li><span style=\"color: #000000;\">R\u00fccklauf vom 01.03.2012 Hess. Rundfunk und 3. Termin heute.<\/span><\/li>\n<li><span style=\"color: #000000;\">Abschlussbesprechnung Hauptfriedhof.<br \/>\n3.1.&nbsp;&nbsp;&nbsp;&nbsp;&nbsp; Zweite F\u00fchrung mit Herrn Christian Setzepfand.<br \/>\n3.2.&nbsp;&nbsp;&nbsp;&nbsp;&nbsp; Arnold: Terminvereinbarung f\u00fcr die zweite Gruppe?<br \/>\n3.3.&nbsp;&nbsp;&nbsp;&nbsp;&nbsp; Wer \u00fcbernimmt die zweite Gruppe?<\/span><\/li>\n<li><span style=\"color: #000000;\">Flughafen \u2013 Besuch Termin am 26. April, 16 Uhr,<br \/>\nVortrag und Rundfahrt, Abschluss im Paulaner.<br \/>\nArnold zu den Details.<\/span><\/li>\n<li><span style=\"color: #000000;\">Weitere Themen, wie Landtag Wiesbaden usw.<\/span><\/li>\n<li><span style=\"color: #000000;\">Frankfurt-F\u00fchrungen mit Silke Wustmann von Sieglinde Witt.<\/span><\/li>\n<\/ol>\n<h5>&nbsp;<\/h5>\n<h5 style=\"text-align: left;\"><strong><span style=\"color: #000000;\">Zur <\/span><\/strong><a href=\"https:\/\/www.igbce-blogs.de\/aufgeweckte-alte\/?page_id=130\"><strong>Startseite<\/strong><\/a><\/h5>\nRelated Images:","protected":false},"excerpt":{"rendered":"<p>Antonietta Kuhley stellt sich am Dienstag als neue AKTIVE vor. R\u00fccklauf vom 01.03.2012 Hess. Rundfunk und 3. Termin heute. Abschlussbesprechnung Hauptfriedhof. 3.1.&nbsp;&nbsp;&nbsp;&nbsp;&nbsp; Zweite F\u00fchrung mit Herrn Christian Setzepfand. 3.2.&nbsp;&nbsp;&nbsp;&nbsp;&nbsp; Arnold: Terminvereinbarung f\u00fcr die zweite Gruppe? 3.3.&nbsp;&nbsp;&nbsp;&nbsp;&nbsp; Wer \u00fcbernimmt die zweite Gruppe? Flughafen \u2013 Besuch Termin am 26. April, 16 Uhr, Vortrag und Rundfahrt, Abschluss im [&hellip;]<\/p>\n","protected":false},"author":3,"featured_media":0,"comment_status":"open","ping_status":"closed","sticky":false,"template":"","format":"standard","meta":{"ngg_post_thumbnail":0,"footnotes":""},"categories":[1],"tags":[],"class_list":["post-2283","post","type-post","status-publish","format-standard","hentry","category-allgemein"],"_links":{"self":[{"href":"https:\/\/www.igbce-blogs.de\/aufgeweckte-alte\/index.php?rest_route=\/wp\/v2\/posts\/2283","targetHints":{"allow":["GET"]}}],"collection":[{"href":"https:\/\/www.igbce-blogs.de\/aufgeweckte-alte\/index.php?rest_route=\/wp\/v2\/posts"}],"about":[{"href":"https:\/\/www.igbce-blogs.de\/aufgeweckte-alte\/index.php?rest_route=\/wp\/v2\/types\/post"}],"author":[{"embeddable":true,"href":"https:\/\/www.igbce-blogs.de\/aufgeweckte-alte\/index.php?rest_route=\/wp\/v2\/users\/3"}],"replies":[{"embeddable":true,"href":"https:\/\/www.igbce-blogs.de\/aufgeweckte-alte\/index.php?rest_route=%2Fwp%2Fv2%2Fcomments&post=2283"}],"version-history":[{"count":14,"href":"https:\/\/www.igbce-blogs.de\/aufgeweckte-alte\/index.php?rest_route=\/wp\/v2\/posts\/2283\/revisions"}],"predecessor-version":[{"id":14015,"href":"https:\/\/www.igbce-blogs.de\/aufgeweckte-alte\/index.php?rest_route=\/wp\/v2\/posts\/2283\/revisions\/14015"}],"wp:attachment":[{"href":"https:\/\/www.igbce-blogs.de\/aufgeweckte-alte\/index.php?rest_route=%2Fwp%2Fv2%2Fmedia&parent=2283"}],"wp:term":[{"taxonomy":"category","embeddable":true,"href":"https:\/\/www.igbce-blogs.de\/aufgeweckte-alte\/index.php?rest_route=%2Fwp%2Fv2%2Fcategories&post=2283"},{"taxonomy":"post_tag","embeddable":true,"href":"https:\/\/www.igbce-blogs.de\/aufgeweckte-alte\/index.php?rest_route=%2Fwp%2Fv2%2Ftags&post=2283"}],"curies":[{"name":"wp","href":"https:\/\/api.w.org\/{rel}","templated":true}]}}