{"id":13539,"date":"2020-04-02T13:45:20","date_gmt":"2020-04-02T11:45:20","guid":{"rendered":"https:\/\/www.igbce-blogs.de\/aufgeweckte-alte\/?p=13539"},"modified":"2024-01-26T17:57:37","modified_gmt":"2024-01-26T15:57:37","slug":"3-tage-moselfahrt-reisebericht","status":"publish","type":"post","link":"https:\/\/www.igbce-blogs.de\/aufgeweckte-alte\/?p=13539","title":{"rendered":"3-Tage Moselfahrt &#8211; SEPT 2019 >REISEBERICHT"},"content":{"rendered":"<h3><a href=\"http:\/\/www.igbce-blogs.de:80\/aufgeweckte-alte\/wp-content\/uploads\/\/2020\/04\/Fahrt-an-die-Mosel-Reisebericht-von-Regina-Lindenstruth.pdf\">Fahrt an die Mosel: Reisebericht von Regina Lindenstruth<\/a><\/h3>\n<p><strong><br \/>\nFahrt an die Mosel (Luxemburg) vom 13.-15.09.2019 mit den aufgeweckten Alten<\/strong><\/p>\n<p>Abfahrt 9:15 Uhr am Busbahnhof in Frankfurt-H\u00f6chst, es begr\u00fc\u00dfte uns unser Busfahrer Egon und anschlie\u00dfend unser Reiseleiter Peter.<\/p>\n<p>Wir fuhren vorbei an Mainz, Bingen, Ingelheim, Dreieck Nahetal in Richtung <strong>Bad Kreuznach<\/strong>, wo wir unsere erste Rast einlegten. Von 10:15 bis 13:00 Uhr konnten wir uns die Zeit vertreiben. Gerhard und ich uns zog es zu den Salinen, wir wollten die gute reine Luft inhalieren und einen leckeren Latte Macchiato trinken.<\/p>\n<p>Die Weiterfahrt f\u00fchrte uns in den Hunsr\u00fcck vorbei an Idar-Oberstein, Monzingen-Simmertal, Kirn, Fischbach nach <strong>Herrstein (ein wunderbar altes Fachwerkst\u00e4dtchen<\/strong>)<\/p>\n<p><a href=\"https:\/\/www.igbce-blogs.de\/aufgeweckte-alte\/?attachment_id=15826\" rel=\"attachment wp-att-15826\"><img loading=\"lazy\" decoding=\"async\" class=\"alignnone wp-image-15826 size-full\" src=\"http:\/\/www.igbce-blogs.de:80\/aufgeweckte-alte\/wp-content\/uploads\/\/2020\/04\/0035-e1661941392483.jpg\" alt=\"\" width=\"600\" height=\"450\"\/><\/a><\/p>\n<p>In der ZEHNTSCHEUNE, ein uriges, gem\u00fctliches Lokal, hatte Egon Tische\/Pl\u00e4tze f\u00fcr uns reserviert zum Mittagessen oder Kaffeetrinken.<\/p>\n<p><a href=\"https:\/\/www.igbce-blogs.de\/aufgeweckte-alte\/?attachment_id=15828\" rel=\"attachment wp-att-15828\"><img loading=\"lazy\" decoding=\"async\" class=\"alignnone wp-image-15828 size-full\" src=\"http:\/\/www.igbce-blogs.de:80\/aufgeweckte-alte\/wp-content\/uploads\/\/2020\/04\/0077-e1661941686840.jpg\" alt=\"\" width=\"600\" height=\"450\"\/><\/a><\/p>\n<p>Nach einem Spaziergang durch die h\u00fcbsche Altstadt trafen wir uns um 16:00 Uhr zur Weiterfahrt \u00fcber die Wasserscheide am Erbiskopf, der h\u00f6chste Berg im Hunsr\u00fcck , Morbach, Bernkastel-Kues, dem Mosel-Tunnel, M\u00fclheim in unser Weingut in <strong>VELDENZ. <\/strong><\/p>\n<p><strong>In Veldenz schien die Sonne und nach der Begr\u00fc\u00dfung durch die Winzerfamilie bezogen wir unsere Zimmer. <\/strong>Wir Gerhard und ich waren sehr angenehm \u00fcberrascht, ein super gro\u00dfes Zimmer, ein tolles Bad, sehr gute Ausstattung alles in allem einfach super !<\/p>\n<p>Um 18:30 Uhr trafen wir uns im gro\u00dfen Saal zum WINZERABEND mit Abendessen (Steak und Bratwurst, toller Kartoffelsalat und Salat, Getr\u00e4nke was und wieviel man wollte), nach dem Essen versch\u00f6nte ein Alleinunterhalter den Abend mit launiger Musik, es wurde gesungen, geschunkelt und getanzt. Gegen Mitternacht zogen auch die Letzten in ihre Schlafzimmer.<\/p>\n<p><a href=\"https:\/\/www.igbce-blogs.de\/aufgeweckte-alte\/?attachment_id=15829\" rel=\"attachment wp-att-15829\"><img loading=\"lazy\" decoding=\"async\" class=\"size-full wp-image-15829 alignnone\" src=\"http:\/\/www.igbce-blogs.de:80\/aufgeweckte-alte\/wp-content\/uploads\/\/2020\/04\/0108-e1661942069379.jpg\" alt=\"\" width=\"600\" height=\"450\"\/><\/a><\/p>\n<p><strong><br \/>\nSamstag, 14.09.2019 <\/strong><\/p>\n<p>Gro\u00dfes Fr\u00fchst\u00fccksb\u00fcffet im Speisesaal mit vielen leckeren Zutaten. Um 9:00 bei k\u00fchlen Temperaturen aber strahlendem Sonnenschein wurden wir von Egon zur gro\u00dfen LUXEMBURG-Rundfahrt&nbsp; abgeholt. \u00dcber Liesertag, Wittlicher Senke (A1) nach Trier, weiter auf (A64) nach <strong>Wasserbillig (Grenze) \u2013 Echternach Sauertal), Moersdorf, M\u00fcllerthal (Luxemburgische Schweiz genannt), Ardennen <\/strong>fuhren wir in Richtung <strong>LUXEMBURG Stadt. <\/strong><\/p>\n<p><a href=\"https:\/\/www.igbce-blogs.de\/aufgeweckte-alte\/?attachment_id=15832\" rel=\"attachment wp-att-15832\"><img loading=\"lazy\" decoding=\"async\" class=\"size-full wp-image-15832 alignnone\" src=\"http:\/\/www.igbce-blogs.de:80\/aufgeweckte-alte\/wp-content\/uploads\/\/2022\/08\/0208-e1661942223993.jpg\" alt=\"\" width=\"600\" height=\"450\"\/><\/a><\/p>\n<p>Nach Ermahnung seitens Egon p\u00fcnktlich wieder da zu sein, Abholung und Abfahrt 15:15 Uhr haben wir den Bus auf dem Busparkplatz <strong>Konstitutionsplatz <\/strong>(gelbe Frau) verlassen und wir konnten die Stadt auf eigene Faust erkunden.(Wir hatten ca. 20 gro\u00dfe Busse aus ganz Deutschland gez\u00e4hlt.) Wir kamen uns vor wie in R\u00fcdesheim auf der Drosselgass\u2018, viele viele Touristen und Menschen aus aller Herren L\u00e4nder! Wir haben aber auch viel Sch\u00f6nes (Palast des Gro\u00dfherzogs mit Wachabl\u00f6sung , die Fahne war gehisst, d.h. die Familie war zuhause) ,die Festungsanlage, mehrere Kirchen und sehr beeindruckende Geb\u00e4ude gesehen und fotografisch festgehalten. Das Wetter war sommerlich warm darum hatten wir mit viel Gl\u00fcck auf dem Marktplatz in einem Eissalon mehrere Pl\u00e4tze bekommen, um uns mit einem k\u00f6stlichen Eisbecher zu erfrischen. Die Stadt ist schon sehr beeindruckend&nbsp; auch mit ihren wunderbaren Gr\u00fcnanlagen (sehr geschmackvoll bepflanzt, die Blumen in den Landesfarben), man kann sicher mehrere Tage dort verbringen um alles gesehen zu haben. Nach turbulentem Rangieren bei der Ausfahrt, es kamen immer mehr Busse, haben wir bei einer kleinen Rundfahrt \u00fcber den <strong>KIRCHBERG (Luxemburgs Bankenviertel) <\/strong>und Flughafen den Weg Richtung Grenze nach <strong>Wasserbillig (dort waren wir in einem gro\u00dfen Supermarkt einkaufen)<\/strong>, am g\u00fcnstigsten ist Kaffee und Zigaretten. Wir haben uns Ardennenschinken und Kaffee mitgenommen. Vom Supermarkt ging es um 16:15 Uhr Richtung <strong>Veldenz <\/strong>\u00fcber Dreieck Moseltal, Salmtal, einzige Kirche mit einem Weinfass auf der Spitze des Turmes zu Ehren des Heiligen Eberhard. Auf der <strong>Panoramastrasse <\/strong>vorbei an <strong>Piesport <\/strong>(Wohnort unseres Busfahrers Egon), <strong>Minheim<\/strong>, <strong>Bernkastel-Kues, Wintrich <\/strong>nach <strong>VELDENZ. <\/strong><\/p>\n<p>Hier erwartet uns nach dem Abendessen (Winzerfleischk\u00e4se mit Gr\u00e4wes und einem tollen Dessert vom Riesling. Anschliessend gab es mit dem Chef des Hauses eine f\u00fcr uns sehr lehrreiche Weinprobe in Verbindung mit einem gem\u00fctlichen Zusammensein.<\/p>\n<p><strong><br \/>\nSonntag 15.09.2019 <\/strong><\/p>\n<p>Gro\u00dfes Fr\u00fchst\u00fccksb\u00fcffet und Verabschiedung durch die Winzerfamilie<\/p>\n<p>Abfahrt um 9:30 Uhr von <strong>Veldenz<\/strong> Richtung Mittelmosel und Frankfurt<\/p>\n<p>Fahrt nach Bernkastel mit historischer Altstadt, dort eine F\u00fchrung mit vielen interessanten Erl\u00e4uterungen und Ansichten.<\/p>\n<p><a href=\"https:\/\/www.igbce-blogs.de\/aufgeweckte-alte\/?attachment_id=15831\" rel=\"attachment wp-att-15831\"><img loading=\"lazy\" decoding=\"async\" class=\"size-full wp-image-15831 alignnone\" src=\"http:\/\/www.igbce-blogs.de:80\/aufgeweckte-alte\/wp-content\/uploads\/\/2020\/04\/0254-e1661942329734.jpg\" alt=\"\" width=\"600\" height=\"450\"\/><\/a><\/p>\n<p>Von Bernkastel nach Kues \u00fcberspannt die h\u00f6chste Br\u00fccke die Mittelmosel (170 m).&nbsp;Schiffahrt auf der Mittelmosel, <strong>Zeltingen, \u00dcrzig (\u00dcrziger W\u00fcrzgarten), Erden, L\u00f6snitz, Kinheim, Kr\u00f6v (Kr\u00f6ver Nacktarsch), Wolf (Wolfer Goldgrube), Traben-Trarbach (Gr\u00e4fenburg) die zweite Stadt in Deutschland mit elektr. Licht. <\/strong>Die erste Stadt war Berlin.&nbsp;<\/p>\n<p>Weiterfahrt nach <strong>Zell (Zeller schwarze Katz)<\/strong>, dort Aufenthalt von 13:00 bis 14:00 Uhr f\u00fcr einen kleinen Imbiss oder einen Stadtbummel. Wir haben mit Federwei\u00dfem und Zwiebelkuchen uns den Aufenthalt versch\u00f6nt.<\/p>\n<p><a href=\"https:\/\/www.igbce-blogs.de\/aufgeweckte-alte\/?attachment_id=15825\" rel=\"attachment wp-att-15825\"><img loading=\"lazy\" decoding=\"async\" class=\"size-full wp-image-15825 alignnone\" src=\"http:\/\/www.igbce-blogs.de:80\/aufgeweckte-alte\/wp-content\/uploads\/\/2020\/04\/0305-e1661942363939.jpg\" alt=\"\" width=\"600\" height=\"450\"\/><\/a><\/p>\n<p>Um 14:07 Uhr Abfahrt \u00fcber Peterswald\/Hunsr\u00fcck, Kappel, Kirchberg (Viehhandelsstadt und sehr viele Windr\u00e4der), Simmern, Rheinb\u00f6llen, Stromberg (zwischen Rheinb\u00f6llen und Rastst\u00e4tte Hunsr\u00fcck West Stau (stop and go) auf 6 km, Aber dann,- &nbsp;Hurra es geht weiter \u2013 Bingen-Dohrsheim, Dreieck Nahetal, in der Ferne gr\u00fc\u00dft die Germania vom Niederwalddenkmal her\u00fcber.<\/p>\n<p>Ingelheim, Heidesheim, Mainz-Finthen, Mainz-Hechtsheim, Mainz-Laubenheim \u00fcber den Rhein .<\/p>\n<p>&nbsp;<strong>HESSEN wir kommen !. <\/strong>R\u00fcsselsheim, M\u00f6nchhof-Dreieck, Ffm-Flughafen<\/p>\n<p>16:20 Uhr erreichen wir gesund und munter den H\u00f6chster Busbahnhof.<\/p>\n<p><strong>Wir haben von unserem Busfahrer sehr viel Interessantes und Wichtiges erfahren,<br \/>\nwas den Weinbau angeht. <\/strong><\/p>\n<p><strong>Es war eine sehr gut organisierte und erlebnisreiche 3-Tages-Fahrt. <\/strong><\/p>\n<p><strong>Vielen Dank daf\u00fcr an die AKTIVEN &#8222;Aufgeweckten Alten&#8220;<br \/>\n<\/strong><\/p>\n<p><strong>Regina Lindenstruth und Ehemann <\/strong><\/p>\n<h5>&nbsp;<\/h5>\n<h5 style=\"text-align: left;\"><strong><span style=\"color: #000000;\">Zur<\/span> <\/strong><span style=\"color: #ff0000;\"><strong><a title=\"Startseite\" href=\"https:\/\/www.igbce-blogs.de\/aufgeweckte-alte\/\/?page_id=130\">Startseite<\/a><\/strong><\/span><\/h5>\nRelated Images:","protected":false},"excerpt":{"rendered":"<p>Fahrt an die Mosel: Reisebericht von Regina Lindenstruth Fahrt an die Mosel (Luxemburg) vom 13.-15.09.2019 mit den aufgeweckten Alten Abfahrt 9:15 Uhr am Busbahnhof in Frankfurt-H\u00f6chst, es begr\u00fc\u00dfte uns unser Busfahrer Egon und anschlie\u00dfend unser Reiseleiter Peter. Wir fuhren vorbei an Mainz, Bingen, Ingelheim, Dreieck Nahetal in Richtung Bad Kreuznach, wo wir unsere erste Rast [&hellip;]<\/p>\n","protected":false},"author":3,"featured_media":0,"comment_status":"open","ping_status":"closed","sticky":false,"template":"","format":"standard","meta":{"ngg_post_thumbnail":0,"footnotes":""},"categories":[1],"tags":[],"class_list":["post-13539","post","type-post","status-publish","format-standard","hentry","category-allgemein"],"_links":{"self":[{"href":"https:\/\/www.igbce-blogs.de\/aufgeweckte-alte\/index.php?rest_route=\/wp\/v2\/posts\/13539","targetHints":{"allow":["GET"]}}],"collection":[{"href":"https:\/\/www.igbce-blogs.de\/aufgeweckte-alte\/index.php?rest_route=\/wp\/v2\/posts"}],"about":[{"href":"https:\/\/www.igbce-blogs.de\/aufgeweckte-alte\/index.php?rest_route=\/wp\/v2\/types\/post"}],"author":[{"embeddable":true,"href":"https:\/\/www.igbce-blogs.de\/aufgeweckte-alte\/index.php?rest_route=\/wp\/v2\/users\/3"}],"replies":[{"embeddable":true,"href":"https:\/\/www.igbce-blogs.de\/aufgeweckte-alte\/index.php?rest_route=%2Fwp%2Fv2%2Fcomments&post=13539"}],"version-history":[{"count":30,"href":"https:\/\/www.igbce-blogs.de\/aufgeweckte-alte\/index.php?rest_route=\/wp\/v2\/posts\/13539\/revisions"}],"predecessor-version":[{"id":19877,"href":"https:\/\/www.igbce-blogs.de\/aufgeweckte-alte\/index.php?rest_route=\/wp\/v2\/posts\/13539\/revisions\/19877"}],"wp:attachment":[{"href":"https:\/\/www.igbce-blogs.de\/aufgeweckte-alte\/index.php?rest_route=%2Fwp%2Fv2%2Fmedia&parent=13539"}],"wp:term":[{"taxonomy":"category","embeddable":true,"href":"https:\/\/www.igbce-blogs.de\/aufgeweckte-alte\/index.php?rest_route=%2Fwp%2Fv2%2Fcategories&post=13539"},{"taxonomy":"post_tag","embeddable":true,"href":"https:\/\/www.igbce-blogs.de\/aufgeweckte-alte\/index.php?rest_route=%2Fwp%2Fv2%2Ftags&post=13539"}],"curies":[{"name":"wp","href":"https:\/\/api.w.org\/{rel}","templated":true}]}}