{"id":129,"date":"2010-03-04T20:00:00","date_gmt":"2010-03-04T18:00:00","guid":{"rendered":"http:\/\/www.igbce-blogs.de:80\/aufgeweckte-alte\/?p=129"},"modified":"2024-01-26T16:00:52","modified_gmt":"2024-01-26T14:00:52","slug":"mit-grosem-interesse","status":"publish","type":"post","link":"https:\/\/www.igbce-blogs.de\/aufgeweckte-alte\/?p=129","title":{"rendered":"Mit gro\u00dfem Interesse&#8230;am 4. M\u00e4rz 2010"},"content":{"rendered":"<h1 id=\"post-58\"><span style=\"color: #000080;\">Referat zu \u201eRente und Steuern\u201d<\/span><\/h1>\r\n<h3><span style=\"color: #000000;\"><strong><em>Zum Herunterladen und Nachlesen bitte\r\nanklicken und \u00d6ffnen oder Speichern.<\/em><\/strong><\/span><\/h3>\r\n<h2><span style=\"color: #000080;\">LINK:<\/span> <a title=\"Referat zu \u201eRente und Steuern\u201d\" href=\"http:\/\/www.igbce-blogs.de:80\/aufgeweckte-alte\/wp-content\/uploads\/\/2010\/04\/igbce-rente-und-steuern.pdf\" target=\"_blank\" rel=\"noopener\">IGBCE-Rente-und-Steuern<\/a><\/h2>\r\n<h2><span style=\"color: #000000;\"><em>Mit gro\u00dfem Interesse verfolgten Alle\r\ndas Referat zu \u201eRente und Steuern\u201d\r\nam Donnerstag, den 4. M\u00e4rz 2010\r\nvom Versicherten\u00e4ltesten\r\nKlaus Badeck.<\/em><\/span><\/h2>\r\n<h2><span style=\"color: #000000;\"><em>Welche Renten werden besteuert,\r\n<\/em><em>wie und warum?<\/em><\/span><\/h2>\r\n<h5><span style=\"color: #000000;\"><strong>ngg_shortcode_0_placeholder\r\n<h5><strong><span style=\"color: #000000;\">Zur<\/span> <\/strong><a title=\"aktuellen \u00dcbersicht\" href=\"https:\/\/www.igbce-blogs.de\/aufgeweckte-alte\/?cat=5\" target=\"_blank\" rel=\"noopener\">aktuellen \u00dcbersicht<\/a><\/h5>\r\n<h5><span style=\"color: #000000;\"><strong>Zur<\/strong> <\/span><a href=\"https:\/\/www.igbce-blogs.de\/aufgeweckte-alte\/?page_id=130\">Startseite<\/a><\/h5>\r\n\r\n<p>&nbsp;<\/p>\r\n<\/strong><\/span><\/h5>Related Images:","protected":false},"excerpt":{"rendered":"<p>Referat zu \u201eRente und Steuern\u201d Zum Herunterladen und Nachlesen bitte anklicken und \u00d6ffnen oder Speichern. LINK: IGBCE-Rente-und-Steuern Mit gro\u00dfem Interesse verfolgten Alle das Referat zu \u201eRente und Steuern\u201d am Donnerstag, den 4. M\u00e4rz 2010 vom Versicherten\u00e4ltesten Klaus Badeck. Welche Renten werden besteuert, wie und warum? Zur aktuellen \u00dcbersicht Zur Startseite &nbsp; Related Images:<\/p>\n","protected":false},"author":3,"featured_media":0,"comment_status":"open","ping_status":"closed","sticky":false,"template":"","format":"standard","meta":{"ngg_post_thumbnail":0,"footnotes":""},"categories":[1,5],"tags":[],"class_list":["post-129","post","type-post","status-publish","format-standard","hentry","category-allgemein","category-fotogalerie"],"_links":{"self":[{"href":"https:\/\/www.igbce-blogs.de\/aufgeweckte-alte\/index.php?rest_route=\/wp\/v2\/posts\/129","targetHints":{"allow":["GET"]}}],"collection":[{"href":"https:\/\/www.igbce-blogs.de\/aufgeweckte-alte\/index.php?rest_route=\/wp\/v2\/posts"}],"about":[{"href":"https:\/\/www.igbce-blogs.de\/aufgeweckte-alte\/index.php?rest_route=\/wp\/v2\/types\/post"}],"author":[{"embeddable":true,"href":"https:\/\/www.igbce-blogs.de\/aufgeweckte-alte\/index.php?rest_route=\/wp\/v2\/users\/3"}],"replies":[{"embeddable":true,"href":"https:\/\/www.igbce-blogs.de\/aufgeweckte-alte\/index.php?rest_route=%2Fwp%2Fv2%2Fcomments&post=129"}],"version-history":[{"count":22,"href":"https:\/\/www.igbce-blogs.de\/aufgeweckte-alte\/index.php?rest_route=\/wp\/v2\/posts\/129\/revisions"}],"predecessor-version":[{"id":19770,"href":"https:\/\/www.igbce-blogs.de\/aufgeweckte-alte\/index.php?rest_route=\/wp\/v2\/posts\/129\/revisions\/19770"}],"wp:attachment":[{"href":"https:\/\/www.igbce-blogs.de\/aufgeweckte-alte\/index.php?rest_route=%2Fwp%2Fv2%2Fmedia&parent=129"}],"wp:term":[{"taxonomy":"category","embeddable":true,"href":"https:\/\/www.igbce-blogs.de\/aufgeweckte-alte\/index.php?rest_route=%2Fwp%2Fv2%2Fcategories&post=129"},{"taxonomy":"post_tag","embeddable":true,"href":"https:\/\/www.igbce-blogs.de\/aufgeweckte-alte\/index.php?rest_route=%2Fwp%2Fv2%2Ftags&post=129"}],"curies":[{"name":"wp","href":"https:\/\/api.w.org\/{rel}","templated":true}]}}