{"id":127,"date":"2010-05-18T12:46:28","date_gmt":"2010-05-18T10:46:28","guid":{"rendered":"http:\/\/www.igbce-blogs.de:80\/aufgeweckte-alte\/?p=127"},"modified":"2021-04-15T18:32:42","modified_gmt":"2021-04-15T16:32:42","slug":"besuch-am-flughafen","status":"publish","type":"post","link":"https:\/\/www.igbce-blogs.de\/aufgeweckte-alte\/?p=127","title":{"rendered":"Besuch am Flughafen!!!"},"content":{"rendered":"<h5><span style=\"color: #ff0000;\">Leider mehr Anmeldungen als zugesagte Pl\u00e4tze.<\/span><\/h5>\n<p>Sehr geehrte Kolleginnen und Kollegen,<\/p>\n<p>wir freuen uns \u00fcber das au\u00dferordentlich rege Interesse<br \/>\nund die vielen Anmeldungen zu unseren geplanten Ausfl\u00fcgen.<\/p>\n<p>Da nur ein begrenztes Pl\u00e4tzekontigent zur Verf\u00fcgung stand,<br \/>\nhaben wir die Pl\u00e4tze nach Eingang der Anmeldung vergeben.<\/p>\n<p>Es freut uns aber, ank\u00fcndigen zu k\u00f6nnen, dass wir im<br \/>\nHerbst einen erneuten Besuch des Flughafens planen.<\/p>\n<p>Wer nicht dabei sein kann, wurde angeschrieben<br \/>\nund auf die Warteliste gesetzt.<br \/>\nAlle Interessenten die jetzt leider nicht teilnehmen k\u00f6nnen,<br \/>\nhaben dann vorangiges Erstanmelderecht !!!<\/p>\n<p>F\u00fcr R\u00fcckfragen k\u00f6nnen Sie mich unter der<br \/>\nTelefonnummer 069 305 39696 oder unter der<br \/>\nE-Mailadresse <a href=\"mailto:bezirk.rhein-main@igbce.de\">bezirk.rhein-main@igbce.de<\/a> erreichen.<\/p>\n<p>Mit freundlichen Gr\u00fc\u00dfen<br \/>\ngez. Beate Rohrig<br \/>\nGewerkschaftssekret\u00e4rin<br \/>\n<span> <\/span><\/p>\n<h5 style=\"text-align: left;\"><strong><span style=\"color: #000000;\">Zur<\/span> <\/strong><span style=\"color: #ff0000;\"><strong><a title=\"Startseite\" href=\"https:\/\/www.igbce-blogs.de\/aufgeweckte-alte\/\/?page_id=130\">Startseite<\/a><\/strong><\/span><\/h5>\nRelated Images:","protected":false},"excerpt":{"rendered":"<p>Leider mehr Anmeldungen als zugesagte Pl\u00e4tze. Sehr geehrte Kolleginnen und Kollegen, wir freuen uns \u00fcber das au\u00dferordentlich rege Interesse und die vielen Anmeldungen zu unseren geplanten Ausfl\u00fcgen. Da nur ein begrenztes Pl\u00e4tzekontigent zur Verf\u00fcgung stand, haben wir die Pl\u00e4tze nach Eingang der Anmeldung vergeben. Es freut uns aber, ank\u00fcndigen zu k\u00f6nnen, dass wir im Herbst [&hellip;]<\/p>\n","protected":false},"author":3,"featured_media":0,"comment_status":"open","ping_status":"closed","sticky":false,"template":"","format":"standard","meta":{"ngg_post_thumbnail":0,"footnotes":""},"categories":[1],"tags":[],"class_list":["post-127","post","type-post","status-publish","format-standard","hentry","category-allgemein"],"_links":{"self":[{"href":"https:\/\/www.igbce-blogs.de\/aufgeweckte-alte\/index.php?rest_route=\/wp\/v2\/posts\/127","targetHints":{"allow":["GET"]}}],"collection":[{"href":"https:\/\/www.igbce-blogs.de\/aufgeweckte-alte\/index.php?rest_route=\/wp\/v2\/posts"}],"about":[{"href":"https:\/\/www.igbce-blogs.de\/aufgeweckte-alte\/index.php?rest_route=\/wp\/v2\/types\/post"}],"author":[{"embeddable":true,"href":"https:\/\/www.igbce-blogs.de\/aufgeweckte-alte\/index.php?rest_route=\/wp\/v2\/users\/3"}],"replies":[{"embeddable":true,"href":"https:\/\/www.igbce-blogs.de\/aufgeweckte-alte\/index.php?rest_route=%2Fwp%2Fv2%2Fcomments&post=127"}],"version-history":[{"count":2,"href":"https:\/\/www.igbce-blogs.de\/aufgeweckte-alte\/index.php?rest_route=\/wp\/v2\/posts\/127\/revisions"}],"predecessor-version":[{"id":13918,"href":"https:\/\/www.igbce-blogs.de\/aufgeweckte-alte\/index.php?rest_route=\/wp\/v2\/posts\/127\/revisions\/13918"}],"wp:attachment":[{"href":"https:\/\/www.igbce-blogs.de\/aufgeweckte-alte\/index.php?rest_route=%2Fwp%2Fv2%2Fmedia&parent=127"}],"wp:term":[{"taxonomy":"category","embeddable":true,"href":"https:\/\/www.igbce-blogs.de\/aufgeweckte-alte\/index.php?rest_route=%2Fwp%2Fv2%2Fcategories&post=127"},{"taxonomy":"post_tag","embeddable":true,"href":"https:\/\/www.igbce-blogs.de\/aufgeweckte-alte\/index.php?rest_route=%2Fwp%2Fv2%2Ftags&post=127"}],"curies":[{"name":"wp","href":"https:\/\/api.w.org\/{rel}","templated":true}]}}